{"id":5431,"date":"2024-05-08T17:17:16","date_gmt":"2024-05-08T15:17:16","guid":{"rendered":"https:\/\/paroisse-gueugnon-toulon.fr\/?p=5431"},"modified":"2024-05-08T17:21:46","modified_gmt":"2024-05-08T15:21:46","slug":"bapteme-de-nicolas","status":"publish","type":"post","link":"https:\/\/paroisse-gueugnon-toulon.fr\/index.php\/2024\/05\/08\/bapteme-de-nicolas\/","title":{"rendered":"BAPTEME DE NICOLAS"},"content":{"rendered":"<p>Nicolas a \u00e9t\u00e9 baptis\u00e9 le dimanche 5 mai 2024 apr\u00e8s la messe de 10h30 et en pr\u00e9sence des jeunes de l&rsquo;Aum\u00f4nerie et de nombreux paroissiens.<\/p>\n<p><img loading=\"lazy\" class=\"alignnone size-full wp-image-5426\" src=\"https:\/\/paroisse-gueugnon-toulon.fr\/wp-content\/uploads\/2024\/05\/PHOTO-2024-05-08-15-08-37.jpg\" alt=\"\" width=\"1200\" height=\"1600\" srcset=\"https:\/\/paroisse-gueugnon-toulon.fr\/wp-content\/uploads\/2024\/05\/PHOTO-2024-05-08-15-08-37.jpg 1200w, https:\/\/paroisse-gueugnon-toulon.fr\/wp-content\/uploads\/2024\/05\/PHOTO-2024-05-08-15-08-37-980x1307.jpg 980w, https:\/\/paroisse-gueugnon-toulon.fr\/wp-content\/uploads\/2024\/05\/PHOTO-2024-05-08-15-08-37-480x640.jpg 480w\" sizes=\"(min-width: 0px) and (max-width: 480px) 480px, (min-width: 481px) and (max-width: 980px) 980px, (min-width: 981px) 1200px, 100vw\" \/><\/p>\n<div style=\"width: 480px;\" class=\"wp-video\"><!--[if lt IE 9]><script>document.createElement('video');<\/script><![endif]-->\n<video class=\"wp-video-shortcode\" id=\"video-5431-1\" width=\"480\" height=\"848\" preload=\"metadata\" controls=\"controls\"><source type=\"video\/mp4\" src=\"https:\/\/paroisse-gueugnon-toulon.fr\/wp-content\/uploads\/2024\/05\/VIDEO-2024-05-08-15-08-46.mp4?_=1\" \/><a href=\"https:\/\/paroisse-gueugnon-toulon.fr\/wp-content\/uploads\/2024\/05\/VIDEO-2024-05-08-15-08-46.mp4\">https:\/\/paroisse-gueugnon-toulon.fr\/wp-content\/uploads\/2024\/05\/VIDEO-2024-05-08-15-08-46.mp4<\/a><\/video><\/div>\n<p><img loading=\"lazy\" class=\"alignnone size-full wp-image-5427\" src=\"https:\/\/paroisse-gueugnon-toulon.fr\/wp-content\/uploads\/2024\/05\/PHOTO-2024-05-08-15-09-18-003.jpg\" alt=\"\" width=\"1200\" height=\"1600\" srcset=\"https:\/\/paroisse-gueugnon-toulon.fr\/wp-content\/uploads\/2024\/05\/PHOTO-2024-05-08-15-09-18-003.jpg 1200w, https:\/\/paroisse-gueugnon-toulon.fr\/wp-content\/uploads\/2024\/05\/PHOTO-2024-05-08-15-09-18-003-980x1307.jpg 980w, https:\/\/paroisse-gueugnon-toulon.fr\/wp-content\/uploads\/2024\/05\/PHOTO-2024-05-08-15-09-18-003-480x640.jpg 480w\" sizes=\"(min-width: 0px) and (max-width: 480px) 480px, (min-width: 481px) and (max-width: 980px) 980px, (min-width: 981px) 1200px, 100vw\" \/><img loading=\"lazy\" class=\"alignnone size-full wp-image-5428\" src=\"https:\/\/paroisse-gueugnon-toulon.fr\/wp-content\/uploads\/2024\/05\/PHOTO-2024-05-08-15-09-18.jpg\" alt=\"\" width=\"1200\" height=\"1600\" srcset=\"https:\/\/paroisse-gueugnon-toulon.fr\/wp-content\/uploads\/2024\/05\/PHOTO-2024-05-08-15-09-18.jpg 1200w, https:\/\/paroisse-gueugnon-toulon.fr\/wp-content\/uploads\/2024\/05\/PHOTO-2024-05-08-15-09-18-980x1307.jpg 980w, https:\/\/paroisse-gueugnon-toulon.fr\/wp-content\/uploads\/2024\/05\/PHOTO-2024-05-08-15-09-18-480x640.jpg 480w\" sizes=\"(min-width: 0px) and (max-width: 480px) 480px, (min-width: 481px) and (max-width: 980px) 980px, (min-width: 981px) 1200px, 100vw\" \/><img loading=\"lazy\" class=\"alignnone size-full wp-image-5429\" src=\"https:\/\/paroisse-gueugnon-toulon.fr\/wp-content\/uploads\/2024\/05\/PHOTO-2024-05-08-15-10-08.jpg\" alt=\"\" width=\"2016\" height=\"1512\" srcset=\"https:\/\/paroisse-gueugnon-toulon.fr\/wp-content\/uploads\/2024\/05\/PHOTO-2024-05-08-15-10-08.jpg 2016w, https:\/\/paroisse-gueugnon-toulon.fr\/wp-content\/uploads\/2024\/05\/PHOTO-2024-05-08-15-10-08-1280x960.jpg 1280w, https:\/\/paroisse-gueugnon-toulon.fr\/wp-content\/uploads\/2024\/05\/PHOTO-2024-05-08-15-10-08-980x735.jpg 980w, https:\/\/paroisse-gueugnon-toulon.fr\/wp-content\/uploads\/2024\/05\/PHOTO-2024-05-08-15-10-08-480x360.jpg 480w\" sizes=\"(min-width: 0px) and (max-width: 480px) 480px, (min-width: 481px) and (max-width: 980px) 980px, (min-width: 981px) and (max-width: 1280px) 1280px, (min-width: 1281px) 2016px, 100vw\" \/><\/p>\n","protected":false},"excerpt":{"rendered":"<p>Nicolas a \u00e9t\u00e9 baptis\u00e9 le dimanche 5 mai 2024 apr\u00e8s la messe de 10h30 et en pr\u00e9sence des jeunes de l&rsquo;Aum\u00f4nerie et de nombreux paroissiens.<\/p>\n","protected":false},"author":1,"featured_media":5426,"comment_status":"closed","ping_status":"closed","sticky":false,"template":"","format":"standard","meta":{"_et_pb_use_builder":"","_et_pb_old_content":"","_et_gb_content_width":""},"categories":[1],"tags":[],"_links":{"self":[{"href":"https:\/\/paroisse-gueugnon-toulon.fr\/index.php\/wp-json\/wp\/v2\/posts\/5431"}],"collection":[{"href":"https:\/\/paroisse-gueugnon-toulon.fr\/index.php\/wp-json\/wp\/v2\/posts"}],"about":[{"href":"https:\/\/paroisse-gueugnon-toulon.fr\/index.php\/wp-json\/wp\/v2\/types\/post"}],"author":[{"embeddable":true,"href":"https:\/\/paroisse-gueugnon-toulon.fr\/index.php\/wp-json\/wp\/v2\/users\/1"}],"replies":[{"embeddable":true,"href":"https:\/\/paroisse-gueugnon-toulon.fr\/index.php\/wp-json\/wp\/v2\/comments?post=5431"}],"version-history":[{"count":3,"href":"https:\/\/paroisse-gueugnon-toulon.fr\/index.php\/wp-json\/wp\/v2\/posts\/5431\/revisions"}],"predecessor-version":[{"id":5434,"href":"https:\/\/paroisse-gueugnon-toulon.fr\/index.php\/wp-json\/wp\/v2\/posts\/5431\/revisions\/5434"}],"wp:featuredmedia":[{"embeddable":true,"href":"https:\/\/paroisse-gueugnon-toulon.fr\/index.php\/wp-json\/wp\/v2\/media\/5426"}],"wp:attachment":[{"href":"https:\/\/paroisse-gueugnon-toulon.fr\/index.php\/wp-json\/wp\/v2\/media?parent=5431"}],"wp:term":[{"taxonomy":"category","embeddable":true,"href":"https:\/\/paroisse-gueugnon-toulon.fr\/index.php\/wp-json\/wp\/v2\/categories?post=5431"},{"taxonomy":"post_tag","embeddable":true,"href":"https:\/\/paroisse-gueugnon-toulon.fr\/index.php\/wp-json\/wp\/v2\/tags?post=5431"}],"curies":[{"name":"wp","href":"https:\/\/api.w.org\/{rel}","templated":true}]}}